{"id":7748,"date":"2021-02-03T11:49:23","date_gmt":"2021-02-03T14:49:23","guid":{"rendered":"https:\/\/americadosul.iclei.org\/?p=7748"},"modified":"2021-02-03T11:49:23","modified_gmt":"2021-02-03T14:49:23","slug":"aca-brasil-apuesta-por-la-ambicion-de-fortalecer-el-rol-del-pais-en-la-agenda-climatica","status":"publish","type":"post","link":"https:\/\/americadosul.iclei.org\/es\/aca-brasil-apuesta-por-la-ambicion-de-fortalecer-el-rol-del-pais-en-la-agenda-climatica\/","title":{"rendered":"ACA Brasil apuesta por la ambici\u00f3n de fortalecer el rol del pa\u00eds en la agenda clim\u00e1tica"},"content":{"rendered":"","protected":false},"excerpt":{"rendered":"","protected":false},"author":295,"featured_media":7750,"comment_status":"open","ping_status":"open","sticky":false,"template":"","format":"standard","meta":{"_acf_changed":false,"footnotes":""},"categories":[2],"tags":[381,382,310,227],"class_list":["post-7748","post","type-post","status-publish","format-standard","hentry","category-sin-categorizar","tag-aca-brasil-es","tag-aracaju-es","tag-pernambuco","tag-rodrigo-perpetuo-es"],"acf":[],"_links":{"self":[{"href":"https:\/\/americadosul.iclei.org\/es\/wp-json\/wp\/v2\/posts\/7748","targetHints":{"allow":["GET"]}}],"collection":[{"href":"https:\/\/americadosul.iclei.org\/es\/wp-json\/wp\/v2\/posts"}],"about":[{"href":"https:\/\/americadosul.iclei.org\/es\/wp-json\/wp\/v2\/types\/post"}],"author":[{"embeddable":true,"href":"https:\/\/americadosul.iclei.org\/es\/wp-json\/wp\/v2\/users\/295"}],"replies":[{"embeddable":true,"href":"https:\/\/americadosul.iclei.org\/es\/wp-json\/wp\/v2\/comments?post=7748"}],"version-history":[{"count":4,"href":"https:\/\/americadosul.iclei.org\/es\/wp-json\/wp\/v2\/posts\/7748\/revisions"}],"predecessor-version":[{"id":7756,"href":"https:\/\/americadosul.iclei.org\/es\/wp-json\/wp\/v2\/posts\/7748\/revisions\/7756"}],"wp:featuredmedia":[{"embeddable":true,"href":"https:\/\/americadosul.iclei.org\/es\/wp-json\/wp\/v2\/media\/7750"}],"wp:attachment":[{"href":"https:\/\/americadosul.iclei.org\/es\/wp-json\/wp\/v2\/media?parent=7748"}],"wp:term":[{"taxonomy":"category","embeddable":true,"href":"https:\/\/americadosul.iclei.org\/es\/wp-json\/wp\/v2\/categories?post=7748"},{"taxonomy":"post_tag","embeddable":true,"href":"https:\/\/americadosul.iclei.org\/es\/wp-json\/wp\/v2\/tags?post=7748"}],"curies":[{"name":"wp","href":"https:\/\/api.w.org\/{rel}","templated":true}]}}