{"id":405750,"date":"2026-05-27T20:05:19","date_gmt":"2026-05-27T23:05:19","guid":{"rendered":"https:\/\/americadosul.iclei.org\/?post_type=post&#038;p=405750"},"modified":"2026-06-15T10:20:58","modified_gmt":"2026-06-15T13:20:58","slug":"5a-reunion-del-noreste-de-iclei","status":"publish","type":"noticias_brasil","link":"https:\/\/americadosul.iclei.org\/es\/brasil\/noticia\/5o-encontro-nordeste-do-iclei\/","title":{"rendered":"Con la participaci\u00f3n de la ONU, la 5\u00aa Reuni\u00f3n del Noreste de ICLEI Brasil aborda la lucha contra la desertificaci\u00f3n en la Caatinga."},"content":{"rendered":"<div class=\"col-12 col-lg-11 offset-lg-1\">\n<h5><em>El evento re\u00fane a gobiernos regionales, expertos y l\u00edderes ambientales en Salvador los d\u00edas 28 y 29 de mayo.<\/em><\/h5>\n<p>Los estados del noreste de Brasil se reunir\u00e1n los d\u00edas 28 y 29 de mayo para analizar las posibilidades que ofrece la reforestaci\u00f3n como soluci\u00f3n basada en la naturaleza (SbN) contra la desertificaci\u00f3n y la degradaci\u00f3n de la tierra. El foro regional se llevar\u00e1 a cabo durante el...\u00a0<strong>5\u00aa Reuni\u00f3n del Noreste de ICLEI Brasil, que se celebrar\u00e1 en Salvador<\/strong>.Administradores p\u00fablicos, investigadores y representantes de la sociedad civil de todo el pa\u00eds se reunir\u00e1n en la capital de Bah\u00eda para intercambiar experiencias y debatir estrategias para la construcci\u00f3n...\u00a0<strong>Las ciudades se vuelven m\u00e1s resilientes ante el cambio clim\u00e1tico.\u00a0<\/strong><\/p>\n<article><\/article>\n<article>Con el tema &quot;Reforestaci\u00f3n: una soluci\u00f3n en la lucha contra la desertificaci\u00f3n despu\u00e9s de la COP30&quot;, la Reuni\u00f3n cuenta con el apoyo de\u00a0<strong>Consorcio del Noreste y el gobierno del estado de Bah\u00eda<\/strong>, a trav\u00e9s de\u00a0<strong>Secretar\u00eda de Estado para el Medio Ambiente<\/strong>\u00a0\u2014 los organizadores del evento. Adem\u00e1s de promover la reforestaci\u00f3n como soluci\u00f3n, el objetivo de la reuni\u00f3n es compartir experiencias de acciones ya implementadas o en proceso de implementaci\u00f3n para la adaptaci\u00f3n y mitigaci\u00f3n del cambio clim\u00e1tico en la regi\u00f3n semi\u00e1rida.<\/article>\n<article><\/article>\n<article>Tambi\u00e9n ser\u00e1 una oportunidad para estructurar la agenda de Bel\u00e9m posterior a la COP30 con los gobiernos locales y regionales. \u201cMediante un esfuerzo colaborativo que involucra a todos los niveles de gobierno, el Noreste ha fortalecido sus acciones contra la desertificaci\u00f3n y ahora se posiciona como un laboratorio para soluciones a los desaf\u00edos globales\u201d, explica Rodrigo Perp\u00e9tuo, director ejecutivo de ICLEI Sudam\u00e9rica. \u201cLa protecci\u00f3n de la Caatinga, un bioma \u00fanico en el mundo, es fundamental para la estrategia de nuestro Plan de Transformaci\u00f3n Ecol\u00f3gica del Noreste de Brasil, que se lanz\u00f3 en la COP-30. Esta reuni\u00f3n ser\u00e1 una oportunidad para materializar las acciones de este plan, que buscan abordar los principales desaf\u00edos ambientales de nuestro tiempo, con base en la ciencia, la valoraci\u00f3n del saber tradicional y la cooperaci\u00f3n regional\u201d, enfatiza Paulo Dantas, presidente del Consorcio del Noreste y gobernador de Alagoas. La 5\u00aa Reuni\u00f3n del Noreste es un evento organizado por ICLEI Brasil en colaboraci\u00f3n con el Consorcio del Noreste y el gobierno del estado de Bah\u00eda, patrocinado por MRV y con el apoyo institucional de KAS Brasil, el Foro CB27 y el Ministerio de Medio Ambiente y Cambio Clim\u00e1tico.<\/article>\n<article><\/article>\n<article><strong>Entre las autoridades y expertos previstos se encuentran:<\/strong><\/p>\n<ul>\n<li>Eduardo Sodr\u00e9, Secretario de Medio Ambiente del Estado de Bah\u00eda<\/li>\n<li>Carlos Gabas, Secretario Ejecutivo del Consorcio del Noreste<\/li>\n<li>Andrea Meza, Secretaria Ejecutiva Adjunta de la UNCCD<\/li>\n<li>Rodrigo Perp\u00e9tuo, Secretario Ejecutivo de ICLEI Sudam\u00e9rica<\/li>\n<li>Iv\u00e1n Euler, Secretario Municipal de Sostenibilidad, Resiliencia, Bienestar y Protecci\u00f3n Animal (SECIS) de Salvador<\/li>\n<li>Daniel Mar\u00e7al, Gerente de Cambio Clim\u00e1tico en la Secretar\u00eda de Medio Ambiente y Recursos H\u00eddricos del Estado de Piau\u00ed<\/li>\n<li>Samir Souza Felipe, Secretario Ejecutivo del Medio Ambiente del Estado de Sergipe<\/li>\n<li>Alexandre Pires, Director de Lucha contra la Desertificaci\u00f3n del SNPCT\/MMA<\/li>\n<li>Leandro Magalh\u00e3es, de UNCCD\/MRE<\/li>\n<li>Etham Barbosa, director del INSA<\/li>\n<\/ul>\n<p>&nbsp;<\/p>\n<p><strong>El programa completo est\u00e1 disponible.\u00a0<a href=\"https:\/\/linktr.ee\/eventosICLEI\" target=\"_blank\" rel=\"noopener\">aqu\u00ed<\/a>.\u00a0<\/strong><\/p>\n<p>&nbsp;<\/p>\n<h3>Informaci\u00f3n para la prensa<\/h3>\n<p>Para obtener m\u00e1s informaci\u00f3n, p\u00f3ngase en contacto con Ana C\u00e2ndida y\/o \u00c1urea Figueira en acandida.pena@gmail.com y aurea@agenciaemfoco.com.br.<\/p>\n<\/article>\n<\/div>","protected":false},"excerpt":{"rendered":"<p>Evento re\u00fane governos da regi\u00e3o, especialistas e lideran\u00e7as ambientais em Salvador, nos dias 28 e 29 de maio Os estados do Nordeste ir\u00e3o se reunir nos pr\u00f3ximos dias 28 e 29 de maio para discutir as possibilidades oferecidas pelo recaatingamento como solu\u00e7\u00e3o baseada na natureza (SbN) contra a desertifica\u00e7\u00e3o e a degrada\u00e7\u00e3o da terra. O [&hellip;]<\/p>\n","protected":false},"author":15,"featured_media":405759,"template":"","meta":{"_acf_changed":false,"inline_featured_image":false},"categories":[1],"class_list":["post-405750","noticias_brasil","type-noticias_brasil","status-publish","has-post-thumbnail","hentry","category-geral"],"acf":[],"_links":{"self":[{"href":"https:\/\/americadosul.iclei.org\/es\/wp-json\/wp\/v2\/noticias_brasil\/405750","targetHints":{"allow":["GET"]}}],"collection":[{"href":"https:\/\/americadosul.iclei.org\/es\/wp-json\/wp\/v2\/noticias_brasil"}],"about":[{"href":"https:\/\/americadosul.iclei.org\/es\/wp-json\/wp\/v2\/types\/noticias_brasil"}],"author":[{"embeddable":true,"href":"https:\/\/americadosul.iclei.org\/es\/wp-json\/wp\/v2\/users\/15"}],"wp:featuredmedia":[{"embeddable":true,"href":"https:\/\/americadosul.iclei.org\/es\/wp-json\/wp\/v2\/media\/405759"}],"wp:attachment":[{"href":"https:\/\/americadosul.iclei.org\/es\/wp-json\/wp\/v2\/media?parent=405750"}],"wp:term":[{"taxonomy":"category","embeddable":true,"href":"https:\/\/americadosul.iclei.org\/es\/wp-json\/wp\/v2\/categories?post=405750"}],"curies":[{"name":"wp","href":"https:\/\/api.w.org\/{rel}","templated":true}]}}